{"id":7101,"date":"2021-09-15T09:16:00","date_gmt":"2021-09-15T09:16:00","guid":{"rendered":"http:\/\/encoigualdad.com\/?p=7101"},"modified":"2021-09-27T09:24:05","modified_gmt":"2021-09-27T09:24:05","slug":"donde-y-cuando-registrar-el-plan-de-igualdad","status":"publish","type":"post","link":"https:\/\/encoigualdad.com\/index.php\/2021\/09\/15\/donde-y-cuando-registrar-el-plan-de-igualdad\/","title":{"rendered":"\u00bfD\u00d3NDE Y CU\u00c1NDO REGISTRAR EL PLAN DE IGUALDAD?"},"content":{"rendered":"<p>La\u00a0<a href=\"https:\/\/protecciondatos-lopd.com\/empresas\/ley-igualdad-de-genero\/\" target=\"_blank\" rel=\"noopener noreferrer\" data-mil=\"18722\">Ley de Igualdad de g\u00e9nero<\/a>\u00a0-Ley 3\/2007 Art\u00edculo 46- ya recog\u00eda que es obligatorio el\u00a0<strong>registro de los planes de igualdad. Esta normativa\u00a0era mucho m\u00e1s tibia y no regulaba de forma clara c\u00f3mo o d\u00f3nde\u00a0realizar este registro sino un mandato para\u00a0<\/strong>llevar a cabo un desarrollo reglamentario del proceso de registro e inscripci\u00f3n del Plan de Igualdad -seguimiento y evaluaci\u00f3n o <a href=\"https:\/\/protecciondatos-lopd.com\/empresas\/registro-salarial-obligatorio\/\" target=\"_blank\" rel=\"noopener noreferrer\" data-mil=\"18722\">registro salarial<\/a>.<\/p>\n<p>Sin embargo, en octubre de 2020 se ha desarrollado el reglamento para el registro de los planes de igualdad de las empresas. <a href=\"https:\/\/www.boe.es\/diario_boe\/txt.php?id=BOE-A-2020-12214\" target=\"_blank\" rel=\"noopener\">(Real Decreto 901\/2020, de 13 de octubre, por el que se regulan los planes de igualdad y su registro y se modifica el Real Decreto 713\/2010, de 28 de mayo, sobre registro y dep\u00f3sito de convenios y acuerdos colectivos de trabajo.)<\/a><\/p>\n<h5><span id=\"Donde_se_registra_el_Plan_de_Igualdad\"><strong>\u00bfD\u00f3nde registrar el Plan de Igualdad?<\/strong><\/span><\/h5>\n<p>El Plan de Igualdad se registra ante la autoridad laboral competente a trav\u00e9s de la <strong>plataforma <a href=\"https:\/\/expinterweb.mitramiss.gob.es\/regcon\/\" target=\"_blank\" rel=\"noopener\">REGCON<\/a><\/strong>, en la que se aglutinan los registros de todas las Comunidades Aut\u00f3nomas.<\/p>\n<p>El <strong>Ministerio de Igualdad indica que el registro de planes de igualdad de las empresas<\/strong> puede hacerse en los siguientes organismos de referencia seg\u00fan la Comunidad Aut\u00f3noma en la que est\u00e9 establecida la empresa:<\/p>\n<ul>\n<li>Andaluc\u00eda: <a href=\"https:\/\/www.juntadeandalucia.es\/organismos\/empleoformacionytrabajoautonomo\/consejeria\/sgeta\/dgtbl.html\" target=\"_blank\" rel=\"noopener\">Direcci\u00f3n General de Relaciones Laborales y Seguridad y Salud Laboral<\/a><\/li>\n<li>Arag\u00f3n: <a href=\"https:\/\/www.aragon.es\/-\/convenios-colectivos.\" target=\"_blank\" rel=\"nofollow noopener noreferrer\">Departamento de Econom\u00eda, Industria y Empleo<\/a><\/li>\n<li>Cantabria: <a href=\"https:\/\/dgte.cantabria.es\/\" target=\"_blank\" rel=\"nofollow noopener noreferrer\">Direcci\u00f3n General de Trabajo<\/a><\/li>\n<li>Castilla la Mancha: <a href=\"https:\/\/www.castillalamancha.es\/gobierno\/economiaempresasyempleo\/estructura\/dgtfsl\/directorio\" target=\"_blank\" rel=\"nofollow noopener noreferrer\">Direcci\u00f3n General de Aut\u00f3nomos, Trabajo y Econom\u00eda Social<\/a><\/li>\n<li>Castilla y Le\u00f3n: <a href=\"https:\/\/www.tramitacastillayleon.jcyl.es\/web\/jcyl\/AdministracionElectronica\/es\/Plantilla100Detalle\/1251181050732\/Servicio\/1283259423504\/Tramite\" target=\"_blank\" rel=\"nofollow noopener noreferrer\">Direcci\u00f3n General de Trabajo y Prevenci\u00f3n de Riesgos Laborales<\/a><\/li>\n<li>Catalu\u00f1a: <a href=\"https:\/\/treball.gencat.cat\/es\/ambits\/igualtat\/plans\/registre\/\" target=\"_blank\" rel=\"nofollow noopener noreferrer\">Departamento de Asuntos Sociales y Familias<\/a><\/li>\n<li>Comunidad de Madrid: <a href=\"https:\/\/tramita.comunidad.madrid\/node\/220085\" target=\"_blank\" rel=\"nofollow noopener noreferrer\">Direcci\u00f3n General de Trabajo<\/a><\/li>\n<li>Navarra: <a href=\"https:\/\/www.navarra.es\/es\/tramites\/on\/-\/line\/registro-de-convenios-colectivos\" target=\"_blank\" rel=\"nofollow noopener noreferrer\">Secci\u00f3n de Econom\u00eda Social, Trabajo Aut\u00f3nomo y Registros P\u00fablicos Laborales<\/a><\/li>\n<li>Comunidad Valenciana: <a href=\"https:\/\/cindi.gva.es\/es\/web\/dg-trabajo\" target=\"_blank\" rel=\"nofollow noopener noreferrer\">Direcci\u00f3n General de Trabajo, Cooperativismo y Econom\u00eda Social<\/a><\/li>\n<li>Extremadura: <a href=\"https:\/\/ciudadano.gobex.es\/buscador-de-tramites\/-\/tramite\/ficha\/2860\" target=\"_blank\" rel=\"nofollow noopener noreferrer\">Direcci\u00f3n General de Trabajo<\/a><\/li>\n<li>Galicia: <a href=\"https:\/\/ceei.xunta.gal\/recursos\/rexistros?content=rexistro_00018.html\" target=\"_blank\" rel=\"nofollow noopener noreferrer\">Secretar\u00eda Xeral de Emprego<\/a><\/li>\n<li>Islas Baleares: <a href=\"http:\/\/www.caib.es\/sites\/convenisiacords\/es\/presentacion-53126\/?campa=yes\" target=\"_blank\" rel=\"nofollow noopener noreferrer\">Direcci\u00f3n General de Relaciones con el Parlamento<\/a><\/li>\n<li>Islas Canarias: <a href=\"https:\/\/sede.gobcan.es\/sede\/tramites\/1158\" target=\"_blank\" rel=\"nofollow noopener noreferrer\">Direcci\u00f3n General de Trabajo<\/a><\/li>\n<li>La Rioja: <a href=\"https:\/\/www.larioja.org\/direcciones-utiles\/es?id_str=1&amp;id_ele=8&amp;id_opt=0\" target=\"_blank\" rel=\"nofollow noopener noreferrer\">Servicio de Secretariado de Gobierno y Relaciones Institucionales<\/a><\/li>\n<li>Pa\u00eds Vasco: <a href=\"https:\/\/www.euskadi.eus\/convenios-colectivos\/web01-a2langiz\/es\/\" target=\"_blank\" rel=\"nofollow noopener noreferrer\">Departamento de Trabajo y Justicia<\/a><\/li>\n<li>Asturias: <a href=\"https:\/\/www.mites.gob.es\/es\/sec_trabajo\/ccncc\/C_Registro\/C4_Requisitos_ficheros.htm\" target=\"_blank\" rel=\"nofollow noopener noreferrer\">REGCON<\/a><\/li>\n<li>Regi\u00f3n de Murcia: <a href=\"http:\/\/www.carm.es\/web\/pagina?IDCONTENIDO=5623&amp;RASTRO=c150%24m&amp;IDTIPO=11\" target=\"_blank\" rel=\"nofollow noopener noreferrer\">Direcci\u00f3n General de Empleo, Universidades, Empresa y Medio Ambiente<\/a><\/li>\n<li>Ceuta: <a href=\"https:\/\/www.mites.gob.es\/es\/sec_trabajo\/ccncc\/C_Registro\/C4_Requisitos_ficheros.htm\" target=\"_blank\" rel=\"nofollow noopener noreferrer\">REGCON<\/a><\/li>\n<li>Melilla: <a href=\"https:\/\/www.mites.gob.es\/es\/sec_trabajo\/ccncc\/C_Registro\/C4_Requisitos_ficheros.htm\" target=\"_blank\" rel=\"nofollow noopener noreferrer\">REGCON<\/a>\n<h5>\u00a0<\/h5>\n<\/li>\n<\/ul>\n<h5><span id=\"Donde_se_registra_el_Plan_de_Igualdad\"><strong>\u00bfCU\u00e1ndo registrar el Plan de Igualdad?<\/strong><\/span><\/h5>\n<p>El Plan de Igualdad debe presentarse para su registro y dep\u00f3sito <strong>dentro de los 15 d\u00edas siguientes desde su firma<\/strong>, ante la autoridad laboral competente. Su tramitaci\u00f3n es electr\u00f3nica y se realiza a trav\u00e9s de la aplicaci\u00f3n <strong><a href=\"https:\/\/expinterweb.mitramiss.gob.es\/regcon\/\" target=\"_blank\" rel=\"noopener\">REGCON<\/a><\/strong><strong>\u00a0(<\/strong>Registro y Dep\u00f3sito de convenios colectivos, acuerdos colectivos de trabajo y planes de igualdad)<\/p>\n<p>Si tiene dudas sobre el registro del Plan de Igualdad <a href=\"http:\/\/encoigualdad.com\/index.php\/contacto\/\" target=\"_blank\" rel=\"noopener\">cons\u00faltenos<\/a>.<\/p>\n\n\n<p><\/p>\n","protected":false},"excerpt":{"rendered":"<p>La\u00a0Ley de Igualdad de g\u00e9nero\u00a0-Ley 3\/2007 Art\u00edculo 46- ya recog\u00eda que es obligatorio el\u00a0registro de los planes de igualdad. Esta normativa\u00a0era mucho m\u00e1s tibia y no regulaba de forma clara c\u00f3mo o d\u00f3nde\u00a0realizar este registro sino un mandato para\u00a0llevar a cabo un desarrollo reglamentario del proceso de registro e inscripci\u00f3n del Plan de Igualdad -seguimiento [&hellip;]<\/p>\n","protected":false},"author":1,"featured_media":7104,"comment_status":"closed","ping_status":"closed","sticky":false,"template":"","format":"standard","meta":[],"categories":[59],"tags":[],"yoast_head":"<!-- This site is optimized with the Yoast SEO plugin v17.2.1 - https:\/\/yoast.com\/wordpress\/plugins\/seo\/ -->\n<title>\u00bfD\u00d3NDE Y CU\u00c1NDO REGISTRAR EL PLAN DE IGUALDAD? - ENCO_IGUALDAD<\/title>\n<meta name=\"description\" content=\"El desarrollo de pol\u00edticas de igualdad que regulan las nuevas responsabilidades que tienen todas las empresas en esta materia tienen como referencia varias normas legales en Espa\u00f1a. Te explicamos cu\u00e1les son.\" \/>\n<meta name=\"robots\" content=\"index, follow, max-snippet:-1, max-image-preview:large, max-video-preview:-1\" \/>\n<link rel=\"canonical\" href=\"https:\/\/encoigualdad.com\/index.php\/2021\/09\/15\/donde-y-cuando-registrar-el-plan-de-igualdad\/\" \/>\n<meta property=\"og:locale\" content=\"es_ES\" \/>\n<meta property=\"og:type\" content=\"article\" \/>\n<meta property=\"og:title\" content=\"\u00bfD\u00d3NDE Y CU\u00c1NDO REGISTRAR EL PLAN DE IGUALDAD? - ENCO_IGUALDAD\" \/>\n<meta property=\"og:description\" content=\"El desarrollo de pol\u00edticas de igualdad que regulan las nuevas responsabilidades que tienen todas las empresas en esta materia tienen como referencia varias normas legales en Espa\u00f1a. Te explicamos cu\u00e1les son.\" \/>\n<meta property=\"og:url\" content=\"https:\/\/encoigualdad.com\/index.php\/2021\/09\/15\/donde-y-cuando-registrar-el-plan-de-igualdad\/\" \/>\n<meta property=\"og:site_name\" content=\"ENCO_IGUALDAD\" \/>\n<meta property=\"article:published_time\" content=\"2021-09-15T09:16:00+00:00\" \/>\n<meta property=\"article:modified_time\" content=\"2021-09-27T09:24:05+00:00\" \/>\n<meta property=\"og:image\" content=\"http:\/\/encoigualdad.com\/wp-content\/uploads\/2021\/08\/DONDE-Y-CUANDO-REGISTRO-EL-PLAN-DE-IGUALDAD_enco_igualdad.jpg\" \/>\n\t<meta property=\"og:image:width\" content=\"1170\" \/>\n\t<meta property=\"og:image:height\" content=\"658\" \/>\n<meta name=\"twitter:card\" content=\"summary_large_image\" \/>\n<meta name=\"twitter:label1\" content=\"Escrito por\" \/>\n\t<meta name=\"twitter:data1\" content=\"admin\" \/>\n\t<meta name=\"twitter:label2\" content=\"Tiempo de lectura\" \/>\n\t<meta name=\"twitter:data2\" content=\"2 minutos\" \/>\n<script type=\"application\/ld+json\" class=\"yoast-schema-graph\">{\"@context\":\"https:\/\/schema.org\",\"@graph\":[{\"@type\":\"WebSite\",\"@id\":\"https:\/\/encoigualdad.com\/#website\",\"url\":\"https:\/\/encoigualdad.com\/\",\"name\":\"ENCO_IGUALDAD\",\"description\":\"PLANES DE IGUALDAD PARA EMPRESAS\",\"potentialAction\":[{\"@type\":\"SearchAction\",\"target\":{\"@type\":\"EntryPoint\",\"urlTemplate\":\"https:\/\/encoigualdad.com\/?s={search_term_string}\"},\"query-input\":\"required name=search_term_string\"}],\"inLanguage\":\"es\"},{\"@type\":\"ImageObject\",\"@id\":\"https:\/\/encoigualdad.com\/index.php\/2021\/09\/15\/donde-y-cuando-registrar-el-plan-de-igualdad\/#primaryimage\",\"inLanguage\":\"es\",\"url\":\"https:\/\/encoigualdad.com\/wp-content\/uploads\/2021\/08\/DONDE-Y-CUANDO-REGISTRO-EL-PLAN-DE-IGUALDAD_enco_igualdad.jpg\",\"contentUrl\":\"https:\/\/encoigualdad.com\/wp-content\/uploads\/2021\/08\/DONDE-Y-CUANDO-REGISTRO-EL-PLAN-DE-IGUALDAD_enco_igualdad.jpg\",\"width\":1170,\"height\":658,\"caption\":\"D\\u00d3NDE Y CU\\u00c1NDO REGISTRO EL PLAN DE IGUALDAD_enco_igualdad\"},{\"@type\":\"WebPage\",\"@id\":\"https:\/\/encoigualdad.com\/index.php\/2021\/09\/15\/donde-y-cuando-registrar-el-plan-de-igualdad\/#webpage\",\"url\":\"https:\/\/encoigualdad.com\/index.php\/2021\/09\/15\/donde-y-cuando-registrar-el-plan-de-igualdad\/\",\"name\":\"\\u00bfD\\u00d3NDE Y CU\\u00c1NDO REGISTRAR EL PLAN DE IGUALDAD? - ENCO_IGUALDAD\",\"isPartOf\":{\"@id\":\"https:\/\/encoigualdad.com\/#website\"},\"primaryImageOfPage\":{\"@id\":\"https:\/\/encoigualdad.com\/index.php\/2021\/09\/15\/donde-y-cuando-registrar-el-plan-de-igualdad\/#primaryimage\"},\"datePublished\":\"2021-09-15T09:16:00+00:00\",\"dateModified\":\"2021-09-27T09:24:05+00:00\",\"author\":{\"@id\":\"https:\/\/encoigualdad.com\/#\/schema\/person\/61a99aa329e95f6e4c40d42725b9fdc9\"},\"description\":\"El desarrollo de pol\\u00edticas de igualdad que regulan las nuevas responsabilidades que tienen todas las empresas en esta materia tienen como referencia varias normas legales en Espa\\u00f1a. Te explicamos cu\\u00e1les son.\",\"breadcrumb\":{\"@id\":\"https:\/\/encoigualdad.com\/index.php\/2021\/09\/15\/donde-y-cuando-registrar-el-plan-de-igualdad\/#breadcrumb\"},\"inLanguage\":\"es\",\"potentialAction\":[{\"@type\":\"ReadAction\",\"target\":[\"https:\/\/encoigualdad.com\/index.php\/2021\/09\/15\/donde-y-cuando-registrar-el-plan-de-igualdad\/\"]}]},{\"@type\":\"BreadcrumbList\",\"@id\":\"https:\/\/encoigualdad.com\/index.php\/2021\/09\/15\/donde-y-cuando-registrar-el-plan-de-igualdad\/#breadcrumb\",\"itemListElement\":[{\"@type\":\"ListItem\",\"position\":1,\"name\":\"Portada\",\"item\":\"https:\/\/encoigualdad.com\/\"},{\"@type\":\"ListItem\",\"position\":2,\"name\":\"\\u00bfD\\u00d3NDE Y CU\\u00c1NDO REGISTRAR EL PLAN DE IGUALDAD?\"}]},{\"@type\":\"Person\",\"@id\":\"https:\/\/encoigualdad.com\/#\/schema\/person\/61a99aa329e95f6e4c40d42725b9fdc9\",\"name\":\"admin\",\"image\":{\"@type\":\"ImageObject\",\"@id\":\"https:\/\/encoigualdad.com\/#personlogo\",\"inLanguage\":\"es\",\"url\":\"https:\/\/secure.gravatar.com\/avatar\/690427f624bdef4409bb616dea8013b6?s=96&d=mm&r=g\",\"contentUrl\":\"https:\/\/secure.gravatar.com\/avatar\/690427f624bdef4409bb616dea8013b6?s=96&d=mm&r=g\",\"caption\":\"admin\"},\"sameAs\":[\"http:\/\/encoigualdad.com\"],\"url\":\"https:\/\/encoigualdad.com\/index.php\/author\/admin\/\"}]}<\/script>\n<!-- \/ Yoast SEO plugin. -->","yoast_head_json":{"title":"\u00bfD\u00d3NDE Y CU\u00c1NDO REGISTRAR EL PLAN DE IGUALDAD? - ENCO_IGUALDAD","description":"El desarrollo de pol\u00edticas de igualdad que regulan las nuevas responsabilidades que tienen todas las empresas en esta materia tienen como referencia varias normas legales en Espa\u00f1a. Te explicamos cu\u00e1les son.","robots":{"index":"index","follow":"follow","max-snippet":"max-snippet:-1","max-image-preview":"max-image-preview:large","max-video-preview":"max-video-preview:-1"},"canonical":"https:\/\/encoigualdad.com\/index.php\/2021\/09\/15\/donde-y-cuando-registrar-el-plan-de-igualdad\/","og_locale":"es_ES","og_type":"article","og_title":"\u00bfD\u00d3NDE Y CU\u00c1NDO REGISTRAR EL PLAN DE IGUALDAD? - ENCO_IGUALDAD","og_description":"El desarrollo de pol\u00edticas de igualdad que regulan las nuevas responsabilidades que tienen todas las empresas en esta materia tienen como referencia varias normas legales en Espa\u00f1a. Te explicamos cu\u00e1les son.","og_url":"https:\/\/encoigualdad.com\/index.php\/2021\/09\/15\/donde-y-cuando-registrar-el-plan-de-igualdad\/","og_site_name":"ENCO_IGUALDAD","article_published_time":"2021-09-15T09:16:00+00:00","article_modified_time":"2021-09-27T09:24:05+00:00","og_image":[{"width":1170,"height":658,"url":"http:\/\/encoigualdad.com\/wp-content\/uploads\/2021\/08\/DONDE-Y-CUANDO-REGISTRO-EL-PLAN-DE-IGUALDAD_enco_igualdad.jpg","path":"\/home\/yzciolez\/public_html\/wp-content\/uploads\/2021\/08\/DONDE-Y-CUANDO-REGISTRO-EL-PLAN-DE-IGUALDAD_enco_igualdad.jpg","size":"full","id":7104,"alt":"D\u00d3NDE Y CU\u00c1NDO REGISTRO EL PLAN DE IGUALDAD_enco_igualdad","pixels":769860,"type":"image\/jpeg"}],"twitter_card":"summary_large_image","twitter_misc":{"Escrito por":"admin","Tiempo de lectura":"2 minutos"},"schema":{"@context":"https:\/\/schema.org","@graph":[{"@type":"WebSite","@id":"https:\/\/encoigualdad.com\/#website","url":"https:\/\/encoigualdad.com\/","name":"ENCO_IGUALDAD","description":"PLANES DE IGUALDAD PARA EMPRESAS","potentialAction":[{"@type":"SearchAction","target":{"@type":"EntryPoint","urlTemplate":"https:\/\/encoigualdad.com\/?s={search_term_string}"},"query-input":"required name=search_term_string"}],"inLanguage":"es"},{"@type":"ImageObject","@id":"https:\/\/encoigualdad.com\/index.php\/2021\/09\/15\/donde-y-cuando-registrar-el-plan-de-igualdad\/#primaryimage","inLanguage":"es","url":"https:\/\/encoigualdad.com\/wp-content\/uploads\/2021\/08\/DONDE-Y-CUANDO-REGISTRO-EL-PLAN-DE-IGUALDAD_enco_igualdad.jpg","contentUrl":"https:\/\/encoigualdad.com\/wp-content\/uploads\/2021\/08\/DONDE-Y-CUANDO-REGISTRO-EL-PLAN-DE-IGUALDAD_enco_igualdad.jpg","width":1170,"height":658,"caption":"D\u00d3NDE Y CU\u00c1NDO REGISTRO EL PLAN DE IGUALDAD_enco_igualdad"},{"@type":"WebPage","@id":"https:\/\/encoigualdad.com\/index.php\/2021\/09\/15\/donde-y-cuando-registrar-el-plan-de-igualdad\/#webpage","url":"https:\/\/encoigualdad.com\/index.php\/2021\/09\/15\/donde-y-cuando-registrar-el-plan-de-igualdad\/","name":"\u00bfD\u00d3NDE Y CU\u00c1NDO REGISTRAR EL PLAN DE IGUALDAD? - ENCO_IGUALDAD","isPartOf":{"@id":"https:\/\/encoigualdad.com\/#website"},"primaryImageOfPage":{"@id":"https:\/\/encoigualdad.com\/index.php\/2021\/09\/15\/donde-y-cuando-registrar-el-plan-de-igualdad\/#primaryimage"},"datePublished":"2021-09-15T09:16:00+00:00","dateModified":"2021-09-27T09:24:05+00:00","author":{"@id":"https:\/\/encoigualdad.com\/#\/schema\/person\/61a99aa329e95f6e4c40d42725b9fdc9"},"description":"El desarrollo de pol\u00edticas de igualdad que regulan las nuevas responsabilidades que tienen todas las empresas en esta materia tienen como referencia varias normas legales en Espa\u00f1a. Te explicamos cu\u00e1les son.","breadcrumb":{"@id":"https:\/\/encoigualdad.com\/index.php\/2021\/09\/15\/donde-y-cuando-registrar-el-plan-de-igualdad\/#breadcrumb"},"inLanguage":"es","potentialAction":[{"@type":"ReadAction","target":["https:\/\/encoigualdad.com\/index.php\/2021\/09\/15\/donde-y-cuando-registrar-el-plan-de-igualdad\/"]}]},{"@type":"BreadcrumbList","@id":"https:\/\/encoigualdad.com\/index.php\/2021\/09\/15\/donde-y-cuando-registrar-el-plan-de-igualdad\/#breadcrumb","itemListElement":[{"@type":"ListItem","position":1,"name":"Portada","item":"https:\/\/encoigualdad.com\/"},{"@type":"ListItem","position":2,"name":"\u00bfD\u00d3NDE Y CU\u00c1NDO REGISTRAR EL PLAN DE IGUALDAD?"}]},{"@type":"Person","@id":"https:\/\/encoigualdad.com\/#\/schema\/person\/61a99aa329e95f6e4c40d42725b9fdc9","name":"admin","image":{"@type":"ImageObject","@id":"https:\/\/encoigualdad.com\/#personlogo","inLanguage":"es","url":"https:\/\/secure.gravatar.com\/avatar\/690427f624bdef4409bb616dea8013b6?s=96&d=mm&r=g","contentUrl":"https:\/\/secure.gravatar.com\/avatar\/690427f624bdef4409bb616dea8013b6?s=96&d=mm&r=g","caption":"admin"},"sameAs":["http:\/\/encoigualdad.com"],"url":"https:\/\/encoigualdad.com\/index.php\/author\/admin\/"}]}},"_links":{"self":[{"href":"https:\/\/encoigualdad.com\/index.php\/wp-json\/wp\/v2\/posts\/7101"}],"collection":[{"href":"https:\/\/encoigualdad.com\/index.php\/wp-json\/wp\/v2\/posts"}],"about":[{"href":"https:\/\/encoigualdad.com\/index.php\/wp-json\/wp\/v2\/types\/post"}],"author":[{"embeddable":true,"href":"https:\/\/encoigualdad.com\/index.php\/wp-json\/wp\/v2\/users\/1"}],"replies":[{"embeddable":true,"href":"https:\/\/encoigualdad.com\/index.php\/wp-json\/wp\/v2\/comments?post=7101"}],"version-history":[{"count":3,"href":"https:\/\/encoigualdad.com\/index.php\/wp-json\/wp\/v2\/posts\/7101\/revisions"}],"predecessor-version":[{"id":7112,"href":"https:\/\/encoigualdad.com\/index.php\/wp-json\/wp\/v2\/posts\/7101\/revisions\/7112"}],"wp:featuredmedia":[{"embeddable":true,"href":"https:\/\/encoigualdad.com\/index.php\/wp-json\/wp\/v2\/media\/7104"}],"wp:attachment":[{"href":"https:\/\/encoigualdad.com\/index.php\/wp-json\/wp\/v2\/media?parent=7101"}],"wp:term":[{"taxonomy":"category","embeddable":true,"href":"https:\/\/encoigualdad.com\/index.php\/wp-json\/wp\/v2\/categories?post=7101"},{"taxonomy":"post_tag","embeddable":true,"href":"https:\/\/encoigualdad.com\/index.php\/wp-json\/wp\/v2\/tags?post=7101"}],"curies":[{"name":"wp","href":"https:\/\/api.w.org\/{rel}","templated":true}]}}